{"id":482,"date":"2026-04-28T10:32:25","date_gmt":"2026-04-28T10:32:25","guid":{"rendered":"https:\/\/www.marjokolehmainen.net\/?p=482"},"modified":"2026-04-28T10:32:25","modified_gmt":"2026-04-28T10:32:25","slug":"save-the-date-caring-technologies-seminar-with-keynotes-by-prof-jeannette-pols-and-prof-ian-tucker-on-june-9-2026","status":"publish","type":"post","link":"https:\/\/www.marjokolehmainen.net\/fi\/save-the-date-caring-technologies-seminar-with-keynotes-by-prof-jeannette-pols-and-prof-ian-tucker-on-june-9-2026\/","title":{"rendered":"Save the date: Seminaari \"Caring Technologies\", jossa p\u00e4\u00e4puhujina Prof Jeannette Pols ja Prof Ian Tucker tulossa 9.6.2026"},"content":{"rendered":"<p class=\"has-medium-font-size\">Caring Technologies -seminaari, jossa p\u00e4\u00e4puhujina professori Jeannette Pols ja professori Ian Tucker tulossa 9.6.2026<\/p>\n\n\n\n<p class=\"has-medium-font-size\">Seminaarin tapahtumapaikkana on Tampereen yliopiston Virta-rakennuksen auditorio 109 (\u00c5kerlundinkatu 5), ja seminaaria voi my\u00f6s seurata LIVESTREAMin v\u00e4lityksell\u00e4.<\/p>\n\n\n\n<figure class=\"wp-block-image size-large\"><img loading=\"lazy\" decoding=\"async\" width=\"724\" height=\"1024\" src=\"https:\/\/www.marjokolehmainen.net\/wp-content\/uploads\/2026\/04\/Poster_SAVE-THE-DATE_Caring-Technologies-724x1024.png\" alt=\"\" class=\"wp-image-483\" srcset=\"https:\/\/www.marjokolehmainen.net\/wp-content\/uploads\/2026\/04\/Poster_SAVE-THE-DATE_Caring-Technologies-724x1024.png 724w, https:\/\/www.marjokolehmainen.net\/wp-content\/uploads\/2026\/04\/Poster_SAVE-THE-DATE_Caring-Technologies-212x300.png 212w, https:\/\/www.marjokolehmainen.net\/wp-content\/uploads\/2026\/04\/Poster_SAVE-THE-DATE_Caring-Technologies-768x1086.png 768w, https:\/\/www.marjokolehmainen.net\/wp-content\/uploads\/2026\/04\/Poster_SAVE-THE-DATE_Caring-Technologies-1086x1536.png 1086w, https:\/\/www.marjokolehmainen.net\/wp-content\/uploads\/2026\/04\/Poster_SAVE-THE-DATE_Caring-Technologies-8x12.png 8w, https:\/\/www.marjokolehmainen.net\/wp-content\/uploads\/2026\/04\/Poster_SAVE-THE-DATE_Caring-Technologies-1000x1414.png 1000w, https:\/\/www.marjokolehmainen.net\/wp-content\/uploads\/2026\/04\/Poster_SAVE-THE-DATE_Caring-Technologies-230x325.png 230w, https:\/\/www.marjokolehmainen.net\/wp-content\/uploads\/2026\/04\/Poster_SAVE-THE-DATE_Caring-Technologies-350x495.png 350w, https:\/\/www.marjokolehmainen.net\/wp-content\/uploads\/2026\/04\/Poster_SAVE-THE-DATE_Caring-Technologies-480x679.png 480w, https:\/\/www.marjokolehmainen.net\/wp-content\/uploads\/2026\/04\/Poster_SAVE-THE-DATE_Caring-Technologies.png 1414w\" sizes=\"auto, (max-width: 724px) 100vw, 724px\" \/><\/figure>","protected":false},"excerpt":{"rendered":"<p>Caring Technologies Seminar with keynotes by Professor Jeannette Pols and Professor Ian Tucker on June 9, 2026 The seminar will take place [&hellip;]<\/p>\n","protected":false},"author":1,"featured_media":0,"comment_status":"open","ping_status":"open","sticky":false,"template":"","format":"standard","meta":{"footnotes":""},"categories":[1],"tags":[],"class_list":["post-482","post","type-post","status-publish","format-standard","hentry","category-news_events"],"_links":{"self":[{"href":"https:\/\/www.marjokolehmainen.net\/fi\/wp-json\/wp\/v2\/posts\/482","targetHints":{"allow":["GET"]}}],"collection":[{"href":"https:\/\/www.marjokolehmainen.net\/fi\/wp-json\/wp\/v2\/posts"}],"about":[{"href":"https:\/\/www.marjokolehmainen.net\/fi\/wp-json\/wp\/v2\/types\/post"}],"author":[{"embeddable":true,"href":"https:\/\/www.marjokolehmainen.net\/fi\/wp-json\/wp\/v2\/users\/1"}],"replies":[{"embeddable":true,"href":"https:\/\/www.marjokolehmainen.net\/fi\/wp-json\/wp\/v2\/comments?post=482"}],"version-history":[{"count":1,"href":"https:\/\/www.marjokolehmainen.net\/fi\/wp-json\/wp\/v2\/posts\/482\/revisions"}],"predecessor-version":[{"id":484,"href":"https:\/\/www.marjokolehmainen.net\/fi\/wp-json\/wp\/v2\/posts\/482\/revisions\/484"}],"wp:attachment":[{"href":"https:\/\/www.marjokolehmainen.net\/fi\/wp-json\/wp\/v2\/media?parent=482"}],"wp:term":[{"taxonomy":"category","embeddable":true,"href":"https:\/\/www.marjokolehmainen.net\/fi\/wp-json\/wp\/v2\/categories?post=482"},{"taxonomy":"post_tag","embeddable":true,"href":"https:\/\/www.marjokolehmainen.net\/fi\/wp-json\/wp\/v2\/tags?post=482"}],"curies":[{"name":"wp","href":"https:\/\/api.w.org\/{rel}","templated":true}]}}